{"id":22433,"date":"2026-04-26T20:09:51","date_gmt":"2026-04-26T18:09:51","guid":{"rendered":"https:\/\/kkre.hu\/wpm\/?p=22433"},"modified":"2026-04-26T20:10:35","modified_gmt":"2026-04-26T18:10:35","slug":"hirdetesek-2026-aprilis-26","status":"publish","type":"post","link":"https:\/\/kkre.hu\/wpm\/blog\/2026\/04\/26\/hirdetesek-2026-aprilis-26\/","title":{"rendered":"Hirdet\u00e9sek, 2026. \u00e1prilis 26."},"content":{"rendered":"<p style=\"text-align: center\"><strong>Budapest-Kispest-K\u00f6zpont, 2026. \u00e1prilis 26.<\/strong><\/p> <p style=\"text-align: center\"><strong>\u00a0<\/strong><\/p> <p style=\"text-align: center\"><strong>\u00a0<\/strong><\/p> <p style=\"text-align: center\"><em>Aki szeretn\u00e9 a Hirdet\u00e9seket emailben is megkapni k\u00e9rj\u00fck, jelezze szem\u00e9lyesen a Lelk\u00e9szi hivatalban.<\/em><\/p> <p style=\"text-align: center\"><strong>\u00a0<\/strong><\/p> <p><strong>Seg\u00edts\u00e9gny\u00fajt\u00e1s K\u00e1rp\u00e1talj\u00e1ra, Ukrajn\u00e1ba:<\/strong><\/p> <p><strong>&#8211; <\/strong>K\u00e1rp\u00e1taljai testv\u00e9reinket folyamatosan k\u00edv\u00e1njuk t\u00e1mogatni, ez\u00e9rt az adom\u00e1nygy\u0171jt\u0151 perselyt kint hagytuk a templom h\u00e1tulj\u00e1ban, ebbe lehet az Ukrajn\u00e1ba sz\u00e1nt anyagi t\u00e1mogat\u00e1sokat elhelyezni.<\/p> <p>A k\u00f6vetkez\u0151 utunk el\u0151tt pedig majd fogjuk jelezni, hogy milyen \u00e9lelmiszeradom\u00e1nyokra van sz\u00fcks\u00e9g, addig k\u00e9rj\u00fck a testv\u00e9reket, ilyen felaj\u00e1nl\u00e1sokat ne hozzanak, hiszen azt nek\u00fcnk is t\u00e1rolni kell.<\/p> <p>Istentisztelet\u00fcnk v\u00e9g\u00e9n a k\u00e1rp\u00e1taljai reform\u00e1tusok kedves \u00e9nek\u00e9t fogjuk \u00e9nekelni, amit az ottani reform\u00e1tus templomokban \u201ekivonul\u00f3ra\u201d \u00e9nekelnek: \u201eMindig velem Uram, mindig velem\u2026\u201d<\/p> <p><strong>Alkalmaink:<\/strong><\/p> <p>&#8211; <strong>Ma d\u00e9lut\u00e1n<\/strong> <strong>18 \u00f3ra<\/strong>kor is lesz<strong> k\u00e1t\u00e9magyar\u00e1zatos istentisztelet<\/strong> itt a templomban (online k\u00f6zvet\u00edtve: <a href=\"https:\/\/kkre.hu\/wpm\/\">https:\/\/kkre.hu\/wpm\/<\/a>))<\/p> <p>&#8211; Szerd\u00e1n 18 \u00f3rakor <strong>istentiszteletet<\/strong> tartunk itt a templomban (online k\u00f6zvet\u00edtve: <a href=\"https:\/\/kkre.hu\/wpm\/\">https:\/\/kkre.hu\/wpm\/<\/a>)<\/p> <p>&#8211; Cs\u00fct\u00f6rt\u00f6k\u00f6n 19 \u00f3rakor biblia\u00f3r\u00e1t fogunk tartani az alagsori gy\u00fclekezeti teremben<\/p> <p>&#8211; J\u00f6v\u0151 <strong>vas\u00e1rnap<\/strong> <strong>10 \u00f3ra<\/strong>kor lesz <strong>istentisztelet<\/strong> itt a templomban ez a vas\u00e1rnap any\u00e1k napja is, \u00edgy fogjuk k\u00f6sz\u00f6nteni az itt lev\u0151 \u00e9desany\u00e1kat, nagymam\u00e1kat \u00e9s d\u00e9dmam\u00e1kat is, ez\u00e9rt k\u00fcl\u00f6n nem fogunk gyermekistentiszteletet tartani (online k\u00f6zvet\u00edtve: <a href=\"https:\/\/kkre.hu\/wpm\/\">https:\/\/kkre.hu\/wpm\/<\/a>)<\/p> <p>&#8211; J\u00f6v\u0151 vas\u00e1rnap <strong>18 \u00f3ra<\/strong>kor <strong>k\u00e1t\u00e9magyar\u00e1zatos istentisztelet<\/strong> lesz a templomban (online k\u00f6zvet\u00edtve: <a href=\"https:\/\/kkre.hu\/wpm\/\">https:\/\/kkre.hu\/wpm\/<\/a>)<\/p> <p>&#8211; M\u00e1jus 10-\u00e9n vas\u00e1rnap lesz a konfirmandusaink vizsg\u00e1ja, majd 17-\u00e9n lesz a konfirm\u00e1ci\u00f3i \u00fcnnep\u00e9ly\u00fcnk, amikor \u00farvacsorai k\u00f6z\u00f6ss\u00e9g\u00fcnk is lesz.<\/p> <p><strong>\u00a0<\/strong><\/p> <p><strong>Konfirm\u00e1ci\u00f3:<\/strong><\/p> <p>-Szerd\u00e1n 16 \u00f3r\u00e1ra v\u00e1rjuk azokat a fiataljainkat, akik legal\u00e1bb 8. oszt\u00e1lyosok \u00e9s eddig nem j\u00e1rtak konfirm\u00e1ci\u00f3 el\u0151k\u00e9sz\u00edt\u0151re.<\/p> <p>&#8211; Cs\u00fct\u00f6rt\u00f6k\u00f6n 16<u><sup>30<\/sup><\/u>-ra, azaz f\u00e9l \u00f6tre v\u00e1rjuk azokat, akik m\u00e1r az elm\u00falt \u00e9vben is j\u00e1rtak konfirm\u00e1ci\u00f3 el\u0151k\u00e9sz\u00edt\u0151re<\/p> <p><strong>\u00c9nekkar:<\/strong><\/p> <p>&#8211; Szeretettel h\u00edvjuk a testv\u00e9reket h\u00e9tf\u0151n az \u00e9nekkar pr\u00f3b\u00e1j\u00e1ra: d\u00e9lut\u00e1n f\u00e9l 6-t\u00f3l van gy\u00fclekez\u0151 \u00e9s <strong>h\u00e1romnegyed 6-kor <\/strong>kezd\u0151dik az \u00e9nekl\u00e9s a Gy\u00fclekezeti h\u00e1z alagsor\u00e1ban.<\/p> <p><strong>\u00a0<\/strong><\/p> <p><strong>Esk\u00fcv\u0151:<\/strong><\/p> <p><strong>&#8211; <\/strong>\u00d6r\u00f6mmel jelentem a gy\u00fclekezetnek, hogy Nagy P\u00e9ter feles\u00e9g\u00fcl jegyezte dr. Pint\u00e9r T\u00edme\u00e1t. H\u00e1zass\u00e1gk\u00f6t\u00e9s\u00fck meg\u00e1ld\u00e1s\u00e1nak tervezett id\u0151pontja m\u00e1jus 16. Hordozzuk im\u00e1ds\u00e1gban az esk\u00fcv\u0151re k\u00e9sz\u00fcl\u0151 ifj\u00fa p\u00e1rt.<\/p> <p><strong>\u00a0<\/strong><\/p> <p><strong>\u00c9nekkari tal\u00e1lkoz\u00f3:<\/strong><\/p> <p><strong>&#8211; <\/strong>Ma 17 \u00f3r\u00e1t\u00f3l Nagykov\u00e1csiban van a Budapest-D\u00e9li Reform\u00e1tus Egyh\u00e1zmegye \u00e9nekkari tal\u00e1lkoz\u00f3ja. Ezen az alkalmon r\u00e9szt vesz a mi k\u00f3rusunk is a megye t\u00f6bb m\u00e1s k\u00f3rus\u00e1val egy\u00fctt.<\/p> <p><strong>\u00a0<\/strong><\/p> <p><strong>K\u00e1ntork\u00e9pz\u0151:<\/strong><\/p> <p><strong>&#8211; <\/strong>A Dunamell\u00e9ki Reform\u00e1tus Egyh\u00e1zker\u00fclet ebben az \u00e9vben is megrendezi a K\u00e1ntork\u00e9pz\u0151 \u00e9s K\u00e1ntortov\u00e1bbk\u00e9pz\u0151 Tanfolyam\u00e1t j\u00falius 19. \u00e9s augusztus 8. k\u00f6z\u00f6tt. \u00c9rdekl\u0151dni lehet az egyh\u00e1zk\u00f6zs\u00e9g lelkip\u00e1sztor\u00e1l, illetve r\u00e9szletes inform\u00e1ci\u00f3k itt tal\u00e1lhat\u00f3k:<\/p> <p><a href=\"https:\/\/kantorkepzo.zsoltar.hu\/2026\/04\/02\/kantorkepzo-tanfolyam-2026\/\">https:\/\/kantorkepzo.zsoltar.hu\/2026\/04\/02\/kantorkepzo-tanfolyam-2026\/<\/a><\/p> <p><strong>\u00a0<\/strong><\/p> <p><strong>Felk\u00e9sz\u00fcl\u00e9s a 2026\/27-es nevel\u00e9si \u00e9vre<\/strong><\/p> <p><strong><em>Budapest-Kispest-K\u00f6zponti Reform\u00e1tus Egyh\u00e1zk\u00f6zs\u00e9g Ady Endre \u00c1ltal\u00e1nos Iskol\u00e1j\u00e1ban<\/em><\/strong><\/p> <p><strong>\u00e9s a Budapest-Kispest-K\u00f6zponti Reform\u00e1tus Egyh\u00e1zk\u00f6zs\u00e9g Sz\u0151l\u0151skert \u00d3vod\u00e1j\u00e1ban:<\/strong><\/p> <p>&#8211; Szeretettel h\u00edvogatjuk a csal\u00e1dokat a <strong>Budapest-Kispest-K\u00f6zponti Reform\u00e1tus Egyh\u00e1zk\u00f6zs\u00e9g Ady Endre \u00c1ltal\u00e1nos Iskol\u00e1j\u00e1ba!<\/strong><\/p> <p>Iskol\u00e1nk nem k\u00f6rzetes iskola, \u00edgy hozz\u00e1nk jelentkezni kell, amire m\u00e9g mindig van lehet\u0151s\u00e9g 1-8. oszt\u00e1lyig a k\u00f6vetkez\u0151 tan\u00e9vre! \u00c9rdekl\u0151dni a lelkip\u00e1sztorn\u00e1l, vagy az iskola titk\u00e1rs\u00e1g\u00e1n lehet.<\/p> <p>R\u00e9szletes inform\u00e1ci\u00f3k az iskola honlapj\u00e1n tal\u00e1lhat\u00f3k: <a href=\"https:\/\/ady.kkre.hu\/\">https:\/\/ady.kkre.hu\/<\/a><\/p> <p>&#8211; A <strong>Budapest-Kispest-K\u00f6zponti Reform\u00e1tus Egyh\u00e1zk\u00f6zs\u00e9g Sz\u0151l\u0151skert \u00d3vod\u00e1j\u00e1ban<\/strong> is k\u00e9sz\u00fcl\u00fcnk a k\u00f6vetkez\u0151 nevel\u00e9si \u00e9vre.<\/p> <p><strong>Aki lemaradt a m\u00e1rciusi jelentkez\u00e9sr\u0151l, m\u00e9g beadhatja a jelentkez\u00e9s\u00e9t \u00e9s az eddigi jelentkez\u00e9sek elb\u00edr\u00e1l\u00e1sa ut\u00e1n m\u00e9g lesz lehet\u0151s\u00e9g tov\u00e1bbi felv\u00e9telekre is.<\/strong><\/p> <p>R\u00e9szletes inform\u00e1ci\u00f3k az \u00f3voda honlapj\u00e1n tal\u00e1lhat\u00f3k: <a href=\"https:\/\/kkre.hu\/wpm\/ovodank\/\">https:\/\/kkre.hu\/wpm\/ovodank\/<\/a><\/p> <p><strong>\u00a0<\/strong><\/p> <p><strong><em>Budapest-Kispest-K\u00f6zponti Reform\u00e1tus Egyh\u00e1zk\u00f6zs\u00e9g Ady Endre \u00c1ltal\u00e1nos Iskol\u00e1ja fejleszt\u00e9se:<\/em><\/strong><\/p> <p>&#8211; \u00d6r\u00f6mmel jelentem a gy\u00fclekezetnek, a Budapest-Kispest-K\u00f6zponti Reform\u00e1tus Egyh\u00e1zk\u00f6zs\u00e9g Ady Endre \u00c1ltal\u00e1nos Iskol\u00e1j\u00e1ban a december v\u00e9g\u00e9re elk\u00e9sz\u00fclt <strong>h\u0151szivatty\u00fas h\u00fct\u0151-f\u0171t\u0151 rendszer<\/strong> ami m\u00e1r a pr\u00f3ba\u00fczemen is t\u00fal van \u00e9s megfelel\u0151en \u00fczemel. \u00cdgy lehets\u00e9ges, hogy iskol\u00e1nk lapostet\u0151s \u201eB\u201d \u00e9p\u00fcletsz\u00e1rny\u00e1t t\u00f6bb h\u00f3nap v\u00e1rakoz\u00e1s ut\u00e1n, \u00fajra haszn\u00e1latba vegy\u00fck a sz\u00fcks\u00e9ges takar\u00edt\u00e1s \u00e9s berendez\u00e9s ut\u00e1n.<\/p> <p><strong>\u00a0<\/strong><\/p> <p><strong>Igazgat\u00f3i p\u00e1ly\u00e1zat:\u00a0\u00a0\u00a0\u00a0\u00a0\u00a0\u00a0\u00a0\u00a0\u00a0\u00a0\u00a0\u00a0\u00a0\u00a0\u00a0\u00a0\u00a0\u00a0\u00a0\u00a0\u00a0\u00a0\u00a0\u00a0\u00a0\u00a0\u00a0\u00a0\u00a0\u00a0\u00a0\u00a0\u00a0\u00a0\u00a0\u00a0\u00a0\u00a0\u00a0\u00a0\u00a0\u00a0\u00a0\u00a0\u00a0\u00a0\u00a0\u00a0\u00a0\u00a0\u00a0\u00a0\u00a0\u00a0\u00a0\u00a0\u00a0\u00a0\u00a0\u00a0\u00a0\u00a0\u00a0\u00a0\u00a0\u00a0\u00a0\u00a0\u00a0\u00a0\u00a0\u00a0\u00a0\u00a0\u00a0\u00a0\u00a0\u00a0\u00a0\u00a0 <\/strong><\/p> <p>&#8211; J\u00f3zsa G\u00e1bor igazgat\u00f3 \u00far k\u00e9rte felment\u00e9s\u00e9t a <strong>Budapest-Kispest-K\u00f6zponti Reform\u00e1tus Egyh\u00e1zk\u00f6zs\u00e9g Ady Endre \u00c1ltal\u00e1nos Iskol\u00e1ja<\/strong> vezet\u0151i megb\u00edz\u00e1sa al\u00f3l, tavaly decemberben az Igazgat\u00f3 tan\u00e1cs \u00fcl\u00e9s\u00e9n. Am\u00edg megv\u00e1lasztjuk az \u00faj vezet\u0151t, addig el fogja l\u00e1tni Igazgat\u00f3 \u00far a feladatait.<\/p> <p>A p\u00e1ly\u00e1zati ki\u00edr\u00e1s itt \u00e9rhet\u0151 el: <a href=\"https:\/\/kkre.hu\/wpm\/wp-content\/uploads\/2026\/04\/igazgatoi-palyazat_20260419.pdf\">https:\/\/kkre.hu\/wpm\/wp-content\/uploads\/2026\/04\/igazgatoi-palyazat_20260419.pdf<\/a><\/p> <p>&#8211; Rajkin\u00e9 S\u00f6r\u00f6s Andrea a <strong>Budapest-Kispest-K\u00f6zponti Reform\u00e1tus Egyh\u00e1zk\u00f6zs\u00e9g Sz\u0151l\u0151skert \u00d3vod\u00e1ja<\/strong> igazgat\u00f3 asszonya bejelentette, hogy szeretne \u00e9lni a korkedvezm\u00e9nyes nyugd\u00edj lehet\u0151s\u00e9g\u00e9vel, \u00edgy k\u00e9r\u00e9s\u00e9nek megfelel\u0151en j\u00fanius 30-t\u00f3l nyolc h\u00f3napos felment\u00e9si idej\u00e9t fogja megkezdeni. Igazgat\u00f3 asszony int\u00e9zm\u00e9nyvezet\u0151i megb\u00edz\u00e1sa lej\u00e1r j\u00falius 31-gyel, \u00edgy nyugd\u00edjaz\u00e1sa miatt \u00faj int\u00e9zm\u00e9nyvezet\u0151t kell keresn\u00fcnk.<\/p> <p>Aki szeretne \u00f3vod\u00e1nkban, vagy az iskol\u00e1nkban igazgat\u00f3 lenni Harkai Ferenc lelkip\u00e1sztorn\u00e1l tud \u00e9rdekl\u0151dni.<\/p> <p><strong>\u00a0<\/strong><\/p> <p><strong>Iratterjeszt\u00e9s:<\/strong><\/p> <p>&#8211; Egyh\u00e1zk\u00f6zs\u00e9g\u00fcnkben az \u00fagynevezett <strong>\u00faj \u00e9nekesk\u00f6nyveket haszn\u00e1ljuk az istentiszteleteken<\/strong> \u00e9s ezzel a sz\u00e1moz\u00e1ssal rakjuk ki az \u00e9nekeket a templomban az \u00e9nekt\u00e1bl\u00e1ra. Akinek m\u00e9g nincs \u00faj \u00e9nekesk\u00f6nyve, az iratterjeszt\u00e9sben is tud v\u00e1s\u00e1rolni.<\/p> <p><strong>\u00a0<\/strong><\/p> <p><strong>Lectio:<\/strong> R\u00f3ma: 5, 1-11<\/p> <p><strong>Textus:<\/strong> R\u00f3ma: 5, 10<\/p> <p><strong>\u00c9nekek:<\/strong> \u00a0\u00a0\u00a0\u00a0\u00a0 \u00a0\u00a048: 1<\/p> <p>412: 2 (r\u00e9gi: 329)<\/p> <p>Keresztel\u0151: Zsolt\u00e1rok: 48: 13-14 \u2013 J\u00f3zsa-Herczeg Zara Bella<\/p> <p>sz\u00fcl\u0151k: J\u00f3zsa P\u00e9ter \u00e9s J\u00f3zsa-Herczeg Krisztina<\/p> <p>134: 3<\/p> <p>Heidelbergi k\u00e1t\u00e9 XVII. \u00darnapja<\/p> <p>758: 1-4 (r\u00e9gi: 459)<\/p> <p>65: 1-3<\/p> <p>761: 1 (r\u00e9gi: 467)<\/p> <p>761: 2-5 (r\u00e9gi: 467)<\/p> <p>799 : 1<\/p> <p>Igehirdet\u0151: Harkai Ferenc lelkip\u00e1sztor<\/p> <p><strong>D\u00e9lut\u00e1n:<\/strong><\/p> <p><strong>\u00a0<\/strong><\/p> <p><strong>Textus:<\/strong> 3 M\u00f3zes: 23, 1-3<\/p> <p><strong>\u00a0\u00a0<\/strong><\/p> <p><strong>Heidelbergi k\u00e1t\u00e9:<\/strong> XVII. \u00farnapja<\/p> <p><strong>\u00a0<\/strong><\/p> <p><strong>\u00c9nekek:<\/strong> \u00a0\u00a0\u00a0\u00a0\u00a0 \u00a0\u00a0\u00a0\u00a0\u00a0\u00a0\u00a0\u00a0\u00a0 23: 1<\/p> <p>513: 1-5 (r\u00e9gi: 356)<\/p> <p>681: 1-8 (r\u00e9gi: 500)<\/p> <p>799: 1<\/p> <p>Igehirdet\u0151: Harkai Ferenc lelkip\u00e1sztor<\/p> <p style=\"text-align: center\"><strong>\u201e\u00c1ldjon meg t\u00e9ged az \u00dar, \u00e9s \u0151rizzen meg t\u00e9ged!<\/strong><\/p> <p style=\"text-align: center\"><strong><sup><a href=\"https:\/\/abibliamindenkie.hu\/uj\/NUM\/6#25\">25<\/a><\/sup><\/strong><strong>Ragyogtassa r\u00e1d orc\u00e1j\u00e1t az \u00dar, \u00e9s k\u00f6ny\u00f6r\u00fclj\u00f6n rajtad!<\/strong><\/p> <p style=\"text-align: center\"><strong><sup><a href=\"https:\/\/abibliamindenkie.hu\/uj\/NUM\/6#26\">26<\/a><\/sup><\/strong><strong>Ford\u00edtsa fel\u00e9d orc\u00e1j\u00e1t az \u00dar, \u00e9s adjon neked b\u00e9kess\u00e9get!\u201d<\/strong><\/p> <p style=\"text-align: center\"><strong>(4M\u00f3z: 6, 24-26)<\/strong><\/p> <p><strong>\u00a0<\/strong><\/p> ","protected":false},"excerpt":{"rendered":"<p>Budapest-Kispest-K\u00f6zpont, 2026. \u00e1prilis 26. \u00a0 \u00a0 Aki szeretn\u00e9 a Hirdet\u00e9seket emailben is megkapni k\u00e9rj\u00fck, jelezze szem\u00e9lyesen a Lelk\u00e9szi hivatalban. \u00a0 Seg\u00edts\u00e9gny\u00fajt\u00e1s K\u00e1rp\u00e1talj\u00e1ra, Ukrajn\u00e1ba: &#8211; K\u00e1rp\u00e1taljai testv\u00e9reinket folyamatosan k\u00edv\u00e1njuk t\u00e1mogatni, ez\u00e9rt az adom\u00e1nygy\u0171jt\u0151 perselyt kint hagytuk a templom h\u00e1tulj\u00e1ban, ebbe lehet az Ukrajn\u00e1ba sz\u00e1nt anyagi t\u00e1mogat\u00e1sokat elhelyezni. A k\u00f6vetkez\u0151 utunk el\u0151tt pedig majd fogjuk jelezni, hogy&hellip;<\/p>\n","protected":false},"author":15,"featured_media":0,"comment_status":"closed","ping_status":"closed","sticky":false,"template":"","format":"standard","meta":[],"categories":[17],"tags":[],"acf":[],"_links":{"self":[{"href":"https:\/\/kkre.hu\/wpm\/wp-json\/wp\/v2\/posts\/22433"}],"collection":[{"href":"https:\/\/kkre.hu\/wpm\/wp-json\/wp\/v2\/posts"}],"about":[{"href":"https:\/\/kkre.hu\/wpm\/wp-json\/wp\/v2\/types\/post"}],"author":[{"embeddable":true,"href":"https:\/\/kkre.hu\/wpm\/wp-json\/wp\/v2\/users\/15"}],"replies":[{"embeddable":true,"href":"https:\/\/kkre.hu\/wpm\/wp-json\/wp\/v2\/comments?post=22433"}],"version-history":[{"count":2,"href":"https:\/\/kkre.hu\/wpm\/wp-json\/wp\/v2\/posts\/22433\/revisions"}],"predecessor-version":[{"id":22435,"href":"https:\/\/kkre.hu\/wpm\/wp-json\/wp\/v2\/posts\/22433\/revisions\/22435"}],"wp:attachment":[{"href":"https:\/\/kkre.hu\/wpm\/wp-json\/wp\/v2\/media?parent=22433"}],"wp:term":[{"taxonomy":"category","embeddable":true,"href":"https:\/\/kkre.hu\/wpm\/wp-json\/wp\/v2\/categories?post=22433"},{"taxonomy":"post_tag","embeddable":true,"href":"https:\/\/kkre.hu\/wpm\/wp-json\/wp\/v2\/tags?post=22433"}],"curies":[{"name":"wp","href":"https:\/\/api.w.org\/{rel}","templated":true}]}}